{"id":185,"date":"2025-11-25T11:24:44","date_gmt":"2025-11-25T10:24:44","guid":{"rendered":"https:\/\/martinkuxkral.cz\/2025\/11\/25\/premiera-cyklu-ricordare-e-qui-dolce\/"},"modified":"2025-11-25T11:34:13","modified_gmt":"2025-11-25T10:34:13","slug":"premiera-cyklu-ricordare-e-qui-dolce","status":"publish","type":"post","link":"https:\/\/martinkuxkral.cz\/en\/2025\/11\/25\/premiera-cyklu-ricordare-e-qui-dolce\/","title":{"rendered":"Premi\u00e9ra cyklu Ricordare \u00e8 qui dolce"},"content":{"rendered":"\n<p>Zejm\u00e9na posledn\u00ed dva m\u011bs\u00edce se mnou byl intenzivn\u011b p\u00eds\u0148ov\u00fd cyklus Ricordare \u00e8 qui dolce, jej\u00edm\u017e autorem je Martin Kux-Kr\u00e1l. Byla to velk\u00e1 (a skv\u011bl\u00e1) v\u00fdzva, kter\u00e1 zd\u00e1rn\u011b dopadla i d\u00edky b\u00e1je\u010dn\u00e9 klav\u00edrn\u00ed partnerce Elen\u011b Kiral. V\u010dera prob\u011bhla sv\u011btov\u00e1 premi\u00e9ra cyklu v r\u00e1mci 36. ro\u010dn\u00edku festivalu Dny soudob\u00e9 hudby.   <\/p>\n\n<figure class=\"wp-block-gallery has-nested-images columns-default is-cropped wp-block-gallery-1 is-layout-flex wp-block-gallery-is-layout-flex\">\n<figure class=\"wp-block-image size-large\"><img loading=\"lazy\" decoding=\"async\" width=\"768\" height=\"1024\" data-id=\"166\" src=\"https:\/\/martinkuxkral.cz\/wp-content\/uploads\/2025\/11\/aktualita-1-3-768x1024.jpg\" alt=\"\" class=\"wp-image-166\" srcset=\"https:\/\/martinkuxkral.cz\/wp-content\/uploads\/2025\/11\/aktualita-1-3-768x1024.jpg 768w, https:\/\/martinkuxkral.cz\/wp-content\/uploads\/2025\/11\/aktualita-1-3-225x300.jpg 225w, https:\/\/martinkuxkral.cz\/wp-content\/uploads\/2025\/11\/aktualita-1-3-1152x1536.jpg 1152w, https:\/\/martinkuxkral.cz\/wp-content\/uploads\/2025\/11\/aktualita-1-3.jpg 1440w\" sizes=\"auto, (max-width: 768px) 100vw, 768px\" \/><\/figure>\n\n\n<figure class=\"wp-block-image size-large\"><img loading=\"lazy\" decoding=\"async\" width=\"768\" height=\"1024\" data-id=\"168\" src=\"https:\/\/martinkuxkral.cz\/wp-content\/uploads\/2025\/11\/aktualita-1-2-768x1024.jpg\" alt=\"\" class=\"wp-image-168\" srcset=\"https:\/\/martinkuxkral.cz\/wp-content\/uploads\/2025\/11\/aktualita-1-2-768x1024.jpg 768w, https:\/\/martinkuxkral.cz\/wp-content\/uploads\/2025\/11\/aktualita-1-2-225x300.jpg 225w, https:\/\/martinkuxkral.cz\/wp-content\/uploads\/2025\/11\/aktualita-1-2-1152x1536.jpg 1152w, https:\/\/martinkuxkral.cz\/wp-content\/uploads\/2025\/11\/aktualita-1-2.jpg 1440w\" sizes=\"auto, (max-width: 768px) 100vw, 768px\" \/><\/figure>\n\n\n<figure class=\"wp-block-image size-large\"><img loading=\"lazy\" decoding=\"async\" width=\"720\" height=\"531\" data-id=\"164\" src=\"https:\/\/martinkuxkral.cz\/wp-content\/uploads\/2025\/11\/aktualita-1.jpg\" alt=\"\" class=\"wp-image-164\" srcset=\"https:\/\/martinkuxkral.cz\/wp-content\/uploads\/2025\/11\/aktualita-1.jpg 720w, https:\/\/martinkuxkral.cz\/wp-content\/uploads\/2025\/11\/aktualita-1-300x221.jpg 300w\" sizes=\"auto, (max-width: 720px) 100vw, 720px\" \/><\/figure><\/figure>\n","protected":false},"excerpt":{"rendered":"<p>Zejm\u00e9na posledn\u00ed dva m\u011bs\u00edce se mnou byl intenzivn\u011b p\u00eds\u0148ov\u00fd cyklus Ricordare \u00e8 qui dolce, jej\u00edm\u017e autorem je Martin Kux-Kr\u00e1l. Byla to velk\u00e1 (a skv\u011bl\u00e1) v\u00fdzva, kter\u00e1 zd\u00e1rn\u011b dopadla i d\u00edky b\u00e1je\u010dn\u00e9 klav\u00edrn\u00ed partnerce Elen\u011b Kiral. V\u010dera prob\u011bhla sv\u011btov\u00e1 premi\u00e9ra cyklu v r\u00e1mci 36. ro\u010dn\u00edku festivalu Dny soudob\u00e9 hudby.<\/p>\n","protected":false},"author":1,"featured_media":165,"comment_status":"closed","ping_status":"open","sticky":false,"template":"","format":"standard","meta":{"footnotes":""},"categories":[4],"tags":[],"class_list":["post-185","post","type-post","status-publish","format-standard","has-post-thumbnail","hentry","category-uncategorized"],"_links":{"self":[{"href":"https:\/\/martinkuxkral.cz\/en\/wp-json\/wp\/v2\/posts\/185","targetHints":{"allow":["GET"]}}],"collection":[{"href":"https:\/\/martinkuxkral.cz\/en\/wp-json\/wp\/v2\/posts"}],"about":[{"href":"https:\/\/martinkuxkral.cz\/en\/wp-json\/wp\/v2\/types\/post"}],"author":[{"embeddable":true,"href":"https:\/\/martinkuxkral.cz\/en\/wp-json\/wp\/v2\/users\/1"}],"replies":[{"embeddable":true,"href":"https:\/\/martinkuxkral.cz\/en\/wp-json\/wp\/v2\/comments?post=185"}],"version-history":[{"count":1,"href":"https:\/\/martinkuxkral.cz\/en\/wp-json\/wp\/v2\/posts\/185\/revisions"}],"predecessor-version":[{"id":186,"href":"https:\/\/martinkuxkral.cz\/en\/wp-json\/wp\/v2\/posts\/185\/revisions\/186"}],"wp:featuredmedia":[{"embeddable":true,"href":"https:\/\/martinkuxkral.cz\/en\/wp-json\/wp\/v2\/media\/165"}],"wp:attachment":[{"href":"https:\/\/martinkuxkral.cz\/en\/wp-json\/wp\/v2\/media?parent=185"}],"wp:term":[{"taxonomy":"category","embeddable":true,"href":"https:\/\/martinkuxkral.cz\/en\/wp-json\/wp\/v2\/categories?post=185"},{"taxonomy":"post_tag","embeddable":true,"href":"https:\/\/martinkuxkral.cz\/en\/wp-json\/wp\/v2\/tags?post=185"}],"curies":[{"name":"wp","href":"https:\/\/api.w.org\/{rel}","templated":true}]}}